{"id":823,"date":"2024-04-01T18:39:08","date_gmt":"2024-04-01T16:39:08","guid":{"rendered":"http:\/\/monhandicapamoi.fr\/?p=823"},"modified":"2024-04-01T18:39:10","modified_gmt":"2024-04-01T16:39:10","slug":"atelier-bien-etre-la-colere","status":"publish","type":"post","link":"https:\/\/monhandicapamoi.fr\/index.php\/2024\/04\/01\/atelier-bien-etre-la-colere\/","title":{"rendered":"Atelier &#8220;Bien-\u00eatre&#8221; : La col\u00e8re"},"content":{"rendered":"\n<p>La gestion des \u00e9motions est essentielle. Comprendre, apprivoiser une \u00e9motion pour mieux l&#8217;accueillir. Voil\u00e0 le voyage que nous propose Cynthia lors de ses ateliers &#8220;Bien-\u00eatre&#8221;.<\/p>\n\n\n\n<p>Cela passe par l&#8217;expression orale mais \u00e9galement, corporelle. Notre corps manifeste nos \u00e9motions \u00e0 sa mani\u00e8re mais, il nous rappelle que nous devons en prendre soin.<\/p>\n\n\n\n<p>Cynthia est l\u00e0 pour nous le rappeler.<\/p>\n\n\n\n<p>Inscription par mail : monhandicapamoi@yahoo.com<\/p>\n\n\n\n<p>Dates sur le calendrier<\/p>\n","protected":false},"excerpt":{"rendered":"<p>La gestion des \u00e9motions est essentielle. Comprendre, apprivoiser une \u00e9motion pour mieux l&#8217;accueillir. Voil\u00e0 le voyage que nous propose Cynthia lors de ses ateliers &#8220;Bien-\u00eatre&#8221;. Cela passe par l&#8217;expression orale [&hellip;]<\/p>\n","protected":false},"author":1,"featured_media":826,"comment_status":"open","ping_status":"open","sticky":false,"template":"","format":"standard","meta":{"_et_pb_use_builder":"off","_et_pb_old_content":"","_et_gb_content_width":"","footnotes":""},"categories":[16,8,1],"tags":[],"class_list":["post-823","post","type-post","status-publish","format-standard","has-post-thumbnail","hentry","category-activites","category-actualites","category-non-classe"],"_links":{"self":[{"href":"https:\/\/monhandicapamoi.fr\/index.php\/wp-json\/wp\/v2\/posts\/823"}],"collection":[{"href":"https:\/\/monhandicapamoi.fr\/index.php\/wp-json\/wp\/v2\/posts"}],"about":[{"href":"https:\/\/monhandicapamoi.fr\/index.php\/wp-json\/wp\/v2\/types\/post"}],"author":[{"embeddable":true,"href":"https:\/\/monhandicapamoi.fr\/index.php\/wp-json\/wp\/v2\/users\/1"}],"replies":[{"embeddable":true,"href":"https:\/\/monhandicapamoi.fr\/index.php\/wp-json\/wp\/v2\/comments?post=823"}],"version-history":[{"count":3,"href":"https:\/\/monhandicapamoi.fr\/index.php\/wp-json\/wp\/v2\/posts\/823\/revisions"}],"predecessor-version":[{"id":828,"href":"https:\/\/monhandicapamoi.fr\/index.php\/wp-json\/wp\/v2\/posts\/823\/revisions\/828"}],"wp:featuredmedia":[{"embeddable":true,"href":"https:\/\/monhandicapamoi.fr\/index.php\/wp-json\/wp\/v2\/media\/826"}],"wp:attachment":[{"href":"https:\/\/monhandicapamoi.fr\/index.php\/wp-json\/wp\/v2\/media?parent=823"}],"wp:term":[{"taxonomy":"category","embeddable":true,"href":"https:\/\/monhandicapamoi.fr\/index.php\/wp-json\/wp\/v2\/categories?post=823"},{"taxonomy":"post_tag","embeddable":true,"href":"https:\/\/monhandicapamoi.fr\/index.php\/wp-json\/wp\/v2\/tags?post=823"}],"curies":[{"name":"wp","href":"https:\/\/api.w.org\/{rel}","templated":true}]}}