{"id":821,"date":"2024-04-01T18:28:20","date_gmt":"2024-04-01T16:28:20","guid":{"rendered":"http:\/\/monhandicapamoi.fr\/?p=821"},"modified":"2024-04-01T18:33:39","modified_gmt":"2024-04-01T16:33:39","slug":"convention-des-volontaires-de-paris-jo-et-paralympiques-2024","status":"publish","type":"post","link":"https:\/\/monhandicapamoi.fr\/index.php\/2024\/04\/01\/convention-des-volontaires-de-paris-jo-et-paralympiques-2024\/","title":{"rendered":"Convention des Volontaires de Paris JO et paralympiques 2024"},"content":{"rendered":"\n<p>Le Samedi 23 Mars dernier, a eu lieu la Convention des volontaires de Paris 2024. Nous y \u00e9tions en distanciel (pour raison de sant\u00e9), mais nous y \u00e9tions !<\/p>\n\n\n\n<p>L&#8217;occasion de vivre les diff\u00e9rentes \u00e9tapes \u00e0 venir en tant que participants s\u00e9lectionn\u00e9s et de d\u00e9couvrir notre tenue \u00e0 venir con\u00e7ue par D\u00e9cathlon.<\/p>\n\n\n\n<p>La joie \u00e9galement de savoir que nous avons Grand Corps Malade pour parrain <\/p>\n","protected":false},"excerpt":{"rendered":"<p>Le Samedi 23 Mars dernier, a eu lieu la Convention des volontaires de Paris 2024. Nous y \u00e9tions en distanciel (pour raison de sant\u00e9), mais nous y \u00e9tions ! L&#8217;occasion [&hellip;]<\/p>\n","protected":false},"author":1,"featured_media":816,"comment_status":"open","ping_status":"open","sticky":false,"template":"","format":"standard","meta":{"_et_pb_use_builder":"off","_et_pb_old_content":"","_et_gb_content_width":"","footnotes":""},"categories":[16,8],"tags":[],"class_list":["post-821","post","type-post","status-publish","format-standard","has-post-thumbnail","hentry","category-activites","category-actualites"],"_links":{"self":[{"href":"https:\/\/monhandicapamoi.fr\/index.php\/wp-json\/wp\/v2\/posts\/821"}],"collection":[{"href":"https:\/\/monhandicapamoi.fr\/index.php\/wp-json\/wp\/v2\/posts"}],"about":[{"href":"https:\/\/monhandicapamoi.fr\/index.php\/wp-json\/wp\/v2\/types\/post"}],"author":[{"embeddable":true,"href":"https:\/\/monhandicapamoi.fr\/index.php\/wp-json\/wp\/v2\/users\/1"}],"replies":[{"embeddable":true,"href":"https:\/\/monhandicapamoi.fr\/index.php\/wp-json\/wp\/v2\/comments?post=821"}],"version-history":[{"count":1,"href":"https:\/\/monhandicapamoi.fr\/index.php\/wp-json\/wp\/v2\/posts\/821\/revisions"}],"predecessor-version":[{"id":822,"href":"https:\/\/monhandicapamoi.fr\/index.php\/wp-json\/wp\/v2\/posts\/821\/revisions\/822"}],"wp:featuredmedia":[{"embeddable":true,"href":"https:\/\/monhandicapamoi.fr\/index.php\/wp-json\/wp\/v2\/media\/816"}],"wp:attachment":[{"href":"https:\/\/monhandicapamoi.fr\/index.php\/wp-json\/wp\/v2\/media?parent=821"}],"wp:term":[{"taxonomy":"category","embeddable":true,"href":"https:\/\/monhandicapamoi.fr\/index.php\/wp-json\/wp\/v2\/categories?post=821"},{"taxonomy":"post_tag","embeddable":true,"href":"https:\/\/monhandicapamoi.fr\/index.php\/wp-json\/wp\/v2\/tags?post=821"}],"curies":[{"name":"wp","href":"https:\/\/api.w.org\/{rel}","templated":true}]}}