{"id":683,"date":"2023-12-16T11:17:38","date_gmt":"2023-12-16T10:17:38","guid":{"rendered":"http:\/\/monhandicapamoi.fr\/?p=683"},"modified":"2023-12-16T11:17:39","modified_gmt":"2023-12-16T10:17:39","slug":"dejeuner-benevolat-du-coeur","status":"publish","type":"post","link":"https:\/\/monhandicapamoi.fr\/index.php\/2023\/12\/16\/dejeuner-benevolat-du-coeur\/","title":{"rendered":"D\u00e9jeuner &#8220;B\u00e9n\u00e9volat du coeur&#8221;"},"content":{"rendered":"\n<p>Le 7 D\u00e9cembre dernier, nous \u00e9tions convi\u00e9s au d\u00e9jeuner &#8220;B\u00e9n\u00e9volat du coeur&#8221; organis\u00e9 par Madame Marie-Caroline DOUCERE, \u00e9lue en charge de la vie associative \u00e0 la Mairie du 15 \u00e8me.<\/p>\n\n\n\n<p>Ce fut l&#8217;occasion de partager un moment avec un b\u00e9n\u00e9vole de notre belle association, cette fois-ci le vice-pr\u00e9sident et, de faire de nouvelles rencontres avec des acteurs du secteur associatif de notre bel arrondissement.<\/p>\n","protected":false},"excerpt":{"rendered":"<p>Le 7 D\u00e9cembre dernier, nous \u00e9tions convi\u00e9s au d\u00e9jeuner &#8220;B\u00e9n\u00e9volat du coeur&#8221; organis\u00e9 par Madame Marie-Caroline DOUCERE, \u00e9lue en charge de la vie associative \u00e0 la Mairie du 15 \u00e8me. [&hellip;]<\/p>\n","protected":false},"author":1,"featured_media":681,"comment_status":"open","ping_status":"open","sticky":false,"template":"","format":"standard","meta":{"_et_pb_use_builder":"off","_et_pb_old_content":"","_et_gb_content_width":"","footnotes":""},"categories":[8],"tags":[],"class_list":["post-683","post","type-post","status-publish","format-standard","has-post-thumbnail","hentry","category-actualites"],"_links":{"self":[{"href":"https:\/\/monhandicapamoi.fr\/index.php\/wp-json\/wp\/v2\/posts\/683"}],"collection":[{"href":"https:\/\/monhandicapamoi.fr\/index.php\/wp-json\/wp\/v2\/posts"}],"about":[{"href":"https:\/\/monhandicapamoi.fr\/index.php\/wp-json\/wp\/v2\/types\/post"}],"author":[{"embeddable":true,"href":"https:\/\/monhandicapamoi.fr\/index.php\/wp-json\/wp\/v2\/users\/1"}],"replies":[{"embeddable":true,"href":"https:\/\/monhandicapamoi.fr\/index.php\/wp-json\/wp\/v2\/comments?post=683"}],"version-history":[{"count":1,"href":"https:\/\/monhandicapamoi.fr\/index.php\/wp-json\/wp\/v2\/posts\/683\/revisions"}],"predecessor-version":[{"id":684,"href":"https:\/\/monhandicapamoi.fr\/index.php\/wp-json\/wp\/v2\/posts\/683\/revisions\/684"}],"wp:featuredmedia":[{"embeddable":true,"href":"https:\/\/monhandicapamoi.fr\/index.php\/wp-json\/wp\/v2\/media\/681"}],"wp:attachment":[{"href":"https:\/\/monhandicapamoi.fr\/index.php\/wp-json\/wp\/v2\/media?parent=683"}],"wp:term":[{"taxonomy":"category","embeddable":true,"href":"https:\/\/monhandicapamoi.fr\/index.php\/wp-json\/wp\/v2\/categories?post=683"},{"taxonomy":"post_tag","embeddable":true,"href":"https:\/\/monhandicapamoi.fr\/index.php\/wp-json\/wp\/v2\/tags?post=683"}],"curies":[{"name":"wp","href":"https:\/\/api.w.org\/{rel}","templated":true}]}}