{"id":501,"date":"2020-04-06T18:35:43","date_gmt":"2020-04-06T16:35:43","guid":{"rendered":"http:\/\/monhandicapamoi.fr\/?p=501"},"modified":"2020-04-06T18:35:44","modified_gmt":"2020-04-06T16:35:44","slug":"les-signes-avec-bebe-disabelle-cottenceau","status":"publish","type":"post","link":"https:\/\/monhandicapamoi.fr\/index.php\/2020\/04\/06\/les-signes-avec-bebe-disabelle-cottenceau\/","title":{"rendered":"Les signes avec b\u00e9b\u00e9 d&#8217;Isabelle Cottenceau"},"content":{"rendered":"\n<p>Pendant cette p\u00e9riode de confinement, j&#8217;ai envie de partager un livre et DVD qui sont, pour moi, un vrai outil de communication aupr\u00e8s des enfants et ce d\u00e8s le plus jeune \u00e2ge.<\/p>\n\n\n\n<p>C&#8217;est vraiment tr\u00e8s bien expliqu\u00e9. Le livre est compos\u00e9 de th\u00e9matiques comme la famille, la nourriture&#8230; Chaque mot est illustr\u00e9 par une image o\u00f9 le signe est repr\u00e9sent\u00e9.<\/p>\n\n\n\n<p>De m\u00eame pour le DVD, le concept est le m\u00eame : th\u00e9matique et gestuelle ce qui est vraiment enrichissant. Le geste est expliqu\u00e9 tr\u00e8s concr\u00e8tement, c&#8217;est vraiment un livre complet.<\/p>\n\n\n\n<figure class=\"wp-block-image size-large\"><img loading=\"lazy\" decoding=\"async\" width=\"1024\" height=\"905\" src=\"http:\/\/monhandicapamoi.fr\/wp-content\/uploads\/2020\/04\/s1-1024x905.jpg\" alt=\"\" class=\"wp-image-503\" srcset=\"http:\/\/monhandicapamoi.fr\/wp-content\/uploads\/2020\/04\/s1-1024x905.jpg 1024w, http:\/\/monhandicapamoi.fr\/wp-content\/uploads\/2020\/04\/s1-980x866.jpg 980w, http:\/\/monhandicapamoi.fr\/wp-content\/uploads\/2020\/04\/s1-480x424.jpg 480w\" sizes=\"(min-width: 0px) and (max-width: 480px) 480px, (min-width: 481px) and (max-width: 980px) 980px, (min-width: 981px) 1024px, 100vw\" \/><\/figure>\n\n\n\n<p>Bonne lecture \u00e0 vous !!<\/p>\n","protected":false},"excerpt":{"rendered":"<p>Pendant cette p\u00e9riode de confinement, j&#8217;ai envie de partager un livre et DVD qui sont, pour moi, un vrai outil de communication aupr\u00e8s des enfants et ce d\u00e8s le plus [&hellip;]<\/p>\n","protected":false},"author":1,"featured_media":502,"comment_status":"open","ping_status":"open","sticky":false,"template":"","format":"standard","meta":{"_et_pb_use_builder":"off","_et_pb_old_content":"","_et_gb_content_width":"","footnotes":""},"categories":[14,11],"tags":[],"class_list":["post-501","post","type-post","status-publish","format-standard","has-post-thumbnail","hentry","category-lecture","category-ressources"],"_links":{"self":[{"href":"https:\/\/monhandicapamoi.fr\/index.php\/wp-json\/wp\/v2\/posts\/501"}],"collection":[{"href":"https:\/\/monhandicapamoi.fr\/index.php\/wp-json\/wp\/v2\/posts"}],"about":[{"href":"https:\/\/monhandicapamoi.fr\/index.php\/wp-json\/wp\/v2\/types\/post"}],"author":[{"embeddable":true,"href":"https:\/\/monhandicapamoi.fr\/index.php\/wp-json\/wp\/v2\/users\/1"}],"replies":[{"embeddable":true,"href":"https:\/\/monhandicapamoi.fr\/index.php\/wp-json\/wp\/v2\/comments?post=501"}],"version-history":[{"count":3,"href":"https:\/\/monhandicapamoi.fr\/index.php\/wp-json\/wp\/v2\/posts\/501\/revisions"}],"predecessor-version":[{"id":506,"href":"https:\/\/monhandicapamoi.fr\/index.php\/wp-json\/wp\/v2\/posts\/501\/revisions\/506"}],"wp:featuredmedia":[{"embeddable":true,"href":"https:\/\/monhandicapamoi.fr\/index.php\/wp-json\/wp\/v2\/media\/502"}],"wp:attachment":[{"href":"https:\/\/monhandicapamoi.fr\/index.php\/wp-json\/wp\/v2\/media?parent=501"}],"wp:term":[{"taxonomy":"category","embeddable":true,"href":"https:\/\/monhandicapamoi.fr\/index.php\/wp-json\/wp\/v2\/categories?post=501"},{"taxonomy":"post_tag","embeddable":true,"href":"https:\/\/monhandicapamoi.fr\/index.php\/wp-json\/wp\/v2\/tags?post=501"}],"curies":[{"name":"wp","href":"https:\/\/api.w.org\/{rel}","templated":true}]}}