{"id":452,"date":"2020-03-29T10:00:00","date_gmt":"2020-03-29T08:00:00","guid":{"rendered":"http:\/\/monhandicapamoi.fr\/?p=452"},"modified":"2020-03-28T19:13:39","modified_gmt":"2020-03-28T18:13:39","slug":"operation-1-dessin-sourire","status":"publish","type":"post","link":"https:\/\/monhandicapamoi.fr\/index.php\/2020\/03\/29\/operation-1-dessin-sourire\/","title":{"rendered":"Op\u00e9ration 1 dessin =  sourire"},"content":{"rendered":"\n<p>En cette p\u00e9riode de confinement,l&#8217;association &#8220;Mon handicap \u00e0 moi&#8221; a lanc\u00e9 un d\u00e9fi collectif aux enfants et parents. L&#8217;objectif : cr\u00e9er du lien !!<\/p>\n\n\n\n<p>La premi\u00e8re semaine, la th\u00e9matique choisie a \u00e9t\u00e9 l&#8217;amiti\u00e9. Myl\u00e8ne et Maxence ont \u00e9t\u00e9 nos premiers dessinateurs en herbe avec de tr\u00e8s beaux dessins.<\/p>\n\n\n\n<p>Cette semaine, c&#8217;est le th\u00e8me de la famille !! Quoi de mieux que des sujets valorisant pour \u00e9lever l&#8217;inspiration de chacun? Neil, Nalo et Tilio nous ont, \u00e0 leur tour fait parvenir de magnifiques oeuvres.<\/p>\n\n\n\n<p>Merci bien \u00e9videmment \u00e0 tous les enfants et leurs parents !!<\/p>\n\n\n\n<p>Tous les dessins seront envoy\u00e9s aux personnes isol\u00e9es en EHPAD par exemple, aux maisons de retraites&#8230;<\/p>\n\n\n\n<p>Nous avons d&#8217;ailleurs eu une premi\u00e8re r\u00e9ponse qui r\u00e9chauffe les c\u0153urs preuve que les messages passent et font du bien alors continuons !!<\/p>\n\n\n\n<p>Pour ceux qui souhaitent nous envoyer des dessins : monhandicapamoi@yahoo.com<\/p>\n\n\n\n<p>Ensemble, on est plus forts !! <\/p>\n\n\n\n<p><\/p>\n","protected":false},"excerpt":{"rendered":"<p>En cette p\u00e9riode de confinement,l&#8217;association &#8220;Mon handicap \u00e0 moi&#8221; a lanc\u00e9 un d\u00e9fi collectif aux enfants et parents. L&#8217;objectif : cr\u00e9er du lien !! La premi\u00e8re semaine, la th\u00e9matique choisie [&hellip;]<\/p>\n","protected":false},"author":1,"featured_media":453,"comment_status":"open","ping_status":"open","sticky":false,"template":"","format":"standard","meta":{"_et_pb_use_builder":"off","_et_pb_old_content":"","_et_gb_content_width":"","footnotes":""},"categories":[8,9],"tags":[],"class_list":["post-452","post","type-post","status-publish","format-standard","has-post-thumbnail","hentry","category-actualites","category-initiatives"],"_links":{"self":[{"href":"https:\/\/monhandicapamoi.fr\/index.php\/wp-json\/wp\/v2\/posts\/452"}],"collection":[{"href":"https:\/\/monhandicapamoi.fr\/index.php\/wp-json\/wp\/v2\/posts"}],"about":[{"href":"https:\/\/monhandicapamoi.fr\/index.php\/wp-json\/wp\/v2\/types\/post"}],"author":[{"embeddable":true,"href":"https:\/\/monhandicapamoi.fr\/index.php\/wp-json\/wp\/v2\/users\/1"}],"replies":[{"embeddable":true,"href":"https:\/\/monhandicapamoi.fr\/index.php\/wp-json\/wp\/v2\/comments?post=452"}],"version-history":[{"count":2,"href":"https:\/\/monhandicapamoi.fr\/index.php\/wp-json\/wp\/v2\/posts\/452\/revisions"}],"predecessor-version":[{"id":455,"href":"https:\/\/monhandicapamoi.fr\/index.php\/wp-json\/wp\/v2\/posts\/452\/revisions\/455"}],"wp:featuredmedia":[{"embeddable":true,"href":"https:\/\/monhandicapamoi.fr\/index.php\/wp-json\/wp\/v2\/media\/453"}],"wp:attachment":[{"href":"https:\/\/monhandicapamoi.fr\/index.php\/wp-json\/wp\/v2\/media?parent=452"}],"wp:term":[{"taxonomy":"category","embeddable":true,"href":"https:\/\/monhandicapamoi.fr\/index.php\/wp-json\/wp\/v2\/categories?post=452"},{"taxonomy":"post_tag","embeddable":true,"href":"https:\/\/monhandicapamoi.fr\/index.php\/wp-json\/wp\/v2\/tags?post=452"}],"curies":[{"name":"wp","href":"https:\/\/api.w.org\/{rel}","templated":true}]}}