{"id":446,"date":"2020-03-28T18:44:40","date_gmt":"2020-03-28T17:44:40","guid":{"rendered":"http:\/\/monhandicapamoi.fr\/?p=446"},"modified":"2020-03-28T18:44:41","modified_gmt":"2020-03-28T17:44:41","slug":"plateforme-jeveuxaider-gouv-fr","status":"publish","type":"post","link":"https:\/\/monhandicapamoi.fr\/index.php\/2020\/03\/28\/plateforme-jeveuxaider-gouv-fr\/","title":{"rendered":"Plateforme : Jeveuxaider.gouv.fr"},"content":{"rendered":"\n<p>En cette p\u00e9riode de crise sanitaire du Covid-19, vous souhaitez vous rendre utile, donner de votre temps pour aider les plus d\u00e9munis et les plus vuln\u00e9rables. Une plateforme de mobilisation civique jeveuxaider.gouv.fr en lien avec les r\u00e9seaux associatifs vient d&#8217;ouvrir. Elle vous permet d&#8217;aider les diff\u00e9rentes structures (associations, CCAS, MDPH, collectivit\u00e9s, op\u00e9rateurs publics, etc.) dans leurs missions.<\/p>\n\n\n\n<p>La plateforme&nbsp;<a rel=\"noreferrer noopener\" target=\"_blank\" href=\"https:\/\/covid19.reserve-civique.gouv.fr\/\">jeveuxaider.gouv.fr<\/a>&nbsp;r\u00e9pond \u00e0 toutes les questions que vous vous posez sur les missions propos\u00e9es, les modalit\u00e9s de participation et les pr\u00e9cautions \u00e0 prendre lors des missions.<\/p>\n\n\n\n<h2 class=\"wp-block-heading\" id=\"titreChapitre_-288132168997688975\">Quelles sont les missions propos\u00e9es ?<\/h2>\n\n\n\n<p>Vous pouvez vous porter volontaire pour&nbsp;:<\/p>\n\n\n\n<ul class=\"wp-block-list\"><li>participer \u00e0 la distribution de produits de premi\u00e8re n\u00e9cessit\u00e9 (aliments, hygi\u00e8ne&#8230;) et des repas aux plus d\u00e9munis&nbsp;;<\/li><li>garder exceptionnellement des enfants de soignants ou d&#8217;une structure de l&#8217;Aide sociale \u00e0 l&#8217;enfance&nbsp;;<\/li><li>maintenir le lien (t\u00e9l\u00e9phone, visio, mail&#8230;) avec des personnes fragiles isol\u00e9es : personnes \u00e2g\u00e9es, malades ou en situation de handicap&nbsp;;<\/li><li>faire les courses de produits essentiels pour les voisins (fragiles, isol\u00e9s, handicap\u00e9s).<\/li><\/ul>\n\n\n\n<h2 class=\"wp-block-heading\" id=\"titreChapitre_-59831167017060559\">Comment \u00e7a se passe&nbsp;?<\/h2>\n\n\n\n<p>Vous souhaitez aider&nbsp;? Les missions disponibles dans toute la France sont consultables sans inscription par la rubrique&nbsp;<em>Trouver une mission<\/em>. Le nombre de volontaires recherch\u00e9s ainsi que le nombre de places restantes sont indiqu\u00e9s. Le domaine d&#8217;action, l&#8217;objectif et la description de la mission sont d\u00e9crites. Pour y participer, vous devez vous inscrire en renseignant votre identit\u00e9 et vos coordonn\u00e9es.<\/p>\n\n\n\n<h2 class=\"wp-block-heading\" id=\"titreChapitre_5122762583530805822\">Quelles sont les r\u00e8gles \u00e0 respecter&nbsp;?<\/h2>\n\n\n\n<ul class=\"wp-block-list\"><li>garder une distance de s\u00e9curit\u00e9 d&#8217;au moins un m\u00e8tre avec les b\u00e9n\u00e9ficiaires et les autres b\u00e9n\u00e9voles&nbsp;;<\/li><li>appliquer les gestes barri\u00e8res pour se prot\u00e9ger et prot\u00e9ger les b\u00e9n\u00e9ficiaires et les autres b\u00e9n\u00e9voles&nbsp;;<\/li><li>rappeler et expliquer les r\u00e8gles de s\u00e9curit\u00e9 et les gestes barri\u00e8re aupr\u00e8s des b\u00e9n\u00e9ficiaires et des autres b\u00e9n\u00e9voles&nbsp;;<\/li><li>informer l&#8217;association le plus rapidement possible au moindre doute d&#8217;infection et rester chez soi&nbsp;;<\/li><li>s&#8217;engager dans des missions \u00e0 distance, depuis son domicile si vous \u00eates \u00e2g\u00e9 de 70&nbsp;ans ou plus ou porteur d&#8217;une maladie chronique.<\/li><\/ul>\n","protected":false},"excerpt":{"rendered":"<p>En cette p\u00e9riode de crise sanitaire du Covid-19, vous souhaitez vous rendre utile, donner de votre temps pour aider les plus d\u00e9munis et les plus vuln\u00e9rables. Une plateforme de mobilisation [&hellip;]<\/p>\n","protected":false},"author":1,"featured_media":447,"comment_status":"open","ping_status":"open","sticky":false,"template":"","format":"standard","meta":{"_et_pb_use_builder":"off","_et_pb_old_content":"","_et_gb_content_width":"","footnotes":""},"categories":[8,9],"tags":[],"class_list":["post-446","post","type-post","status-publish","format-standard","has-post-thumbnail","hentry","category-actualites","category-initiatives"],"_links":{"self":[{"href":"https:\/\/monhandicapamoi.fr\/index.php\/wp-json\/wp\/v2\/posts\/446"}],"collection":[{"href":"https:\/\/monhandicapamoi.fr\/index.php\/wp-json\/wp\/v2\/posts"}],"about":[{"href":"https:\/\/monhandicapamoi.fr\/index.php\/wp-json\/wp\/v2\/types\/post"}],"author":[{"embeddable":true,"href":"https:\/\/monhandicapamoi.fr\/index.php\/wp-json\/wp\/v2\/users\/1"}],"replies":[{"embeddable":true,"href":"https:\/\/monhandicapamoi.fr\/index.php\/wp-json\/wp\/v2\/comments?post=446"}],"version-history":[{"count":1,"href":"https:\/\/monhandicapamoi.fr\/index.php\/wp-json\/wp\/v2\/posts\/446\/revisions"}],"predecessor-version":[{"id":448,"href":"https:\/\/monhandicapamoi.fr\/index.php\/wp-json\/wp\/v2\/posts\/446\/revisions\/448"}],"wp:featuredmedia":[{"embeddable":true,"href":"https:\/\/monhandicapamoi.fr\/index.php\/wp-json\/wp\/v2\/media\/447"}],"wp:attachment":[{"href":"https:\/\/monhandicapamoi.fr\/index.php\/wp-json\/wp\/v2\/media?parent=446"}],"wp:term":[{"taxonomy":"category","embeddable":true,"href":"https:\/\/monhandicapamoi.fr\/index.php\/wp-json\/wp\/v2\/categories?post=446"},{"taxonomy":"post_tag","embeddable":true,"href":"https:\/\/monhandicapamoi.fr\/index.php\/wp-json\/wp\/v2\/tags?post=446"}],"curies":[{"name":"wp","href":"https:\/\/api.w.org\/{rel}","templated":true}]}}