{"id":437,"date":"2020-03-24T18:58:20","date_gmt":"2020-03-24T17:58:20","guid":{"rendered":"http:\/\/monhandicapamoi.fr\/?p=437"},"modified":"2020-03-28T18:26:23","modified_gmt":"2020-03-28T17:26:23","slug":"covid-19-familles-enfants-et-professionnels-concernes-par-le-handicap","status":"publish","type":"post","link":"https:\/\/monhandicapamoi.fr\/index.php\/2020\/03\/24\/covid-19-familles-enfants-et-professionnels-concernes-par-le-handicap\/","title":{"rendered":"Covid-19 : Familles, enfants et professionnels concern\u00e9s par le handicap"},"content":{"rendered":"\n<p> Dans le cadre de l\u2019\u00e9pid\u00e9mie de Covid-19, des mesures ont \u00e9t\u00e9 prises pour prot\u00e9ger les personnes en situation de handicap les plus fragiles, avec la mobilisation de l\u2019ensemble de la solidarit\u00e9 nationale. Au regard du passage en stade 3 de l\u2019\u00e9pid\u00e9mie, il est d\u00e9cid\u00e9 d\u2019un maintien pr\u00e9f\u00e9rentiel au domicile et de l\u2019organisation sans d\u00e9lai de la continuit\u00e9 de l\u2019accompagnement. <\/p>\n\n\n\n<p><\/p>\n\n\n\n<h3 class=\"wp-block-heading\" id=\"t1-Accompagnement-du-maintien-au-domicile\">1. Accompagnement du maintien au domicile<\/h3>\n\n\n\n<p>Au regard de l\u2019intensit\u00e9 de la circulation du virus sur le territoire national, le principe g\u00e9n\u00e9ral est de favoriser le maintien \u00e0 leur domicile des personnes en situation de handicap expos\u00e9es particuli\u00e8rement \u00e0 des complications de sant\u00e9. Cette mesure concerne les personnes handicap\u00e9es&nbsp;:<br>&nbsp;Vivant au domicile de leurs proches aidants (enfants et adultes).<br>&nbsp;Domicili\u00e9es dans une structure d\u2019h\u00e9bergement m\u00e9dico-sociale.<br>&nbsp;Habitant un domicile personnel ou un habitat partag\u00e9.<\/p>\n\n\n\n<p><strong>a) Organisation du maintien au domicile des enfants et adultes accueillis en externats<\/strong><\/p>\n\n\n\n<p>Les \u00e9tablissements et services m\u00e9dico-sociaux organisent sans d\u00e9lai et au plus tard pour le 16 mars un service minimum d\u2019appui aux familles.<br>Une attention particuli\u00e8re est pr\u00eat\u00e9e \u00e0 l\u2019accompagnement des situations complexes ne pouvant \u00eatre maintenues au domicile, dont en particulier celui des enfants confi\u00e9s \u00e0 l\u2019aide sociale \u00e0 l\u2019enfance. Pour apporter une r\u00e9ponse \u00e0 ces situations complexes, les internats enfants et adultes \u00e0 temps complet sont maintenus en fonctionnement.<\/p>\n\n\n\n<p><strong>b) Renforcement des mesures barri\u00e8re dans les structures m\u00e9dico-sociales<\/strong><\/p>\n\n\n\n<p>&nbsp;Les sorties collectives sont suspendues jusqu\u2019\u00e0 nouvel ordre&nbsp;; les sorties individuelles sont supprim\u00e9es, sauf celles strictement n\u00e9cessaires avec avis m\u00e9dical.<br>&nbsp;Les visites au sein des structures sont interdites sauf autorisation exceptionnelle.<\/p>\n\n\n\n<p><strong>c) Soutien des personnes handicap\u00e9es vivant seules \u00e0 domicile<\/strong><\/p>\n\n\n\n<p>&nbsp;Mobilisation des solutions d\u2019accueil temporaire dans les territoires afin d\u2019accompagner les personnes ne pouvant rester \u00e0 domicile&nbsp;;<\/p>\n\n\n\n<h3 class=\"wp-block-heading\" id=\"t2-Soutien-des-parents-accompagnant-un-proche-a-domicile\">2. Soutien des parents accompagnant un proche \u00e0 domicile<\/h3>\n\n\n\n<p>Les parents qui sont amen\u00e9s \u00e0 garder leur enfant handicap\u00e9 \u00e0 domicile, du fait de la fermeture de la structure m\u00e9dico-sociale d\u2019accueil, b\u00e9n\u00e9ficieront d\u2019une prise en charge par la S\u00e9curit\u00e9 Sociale des indemnit\u00e9s journali\u00e8res (lev\u00e9e de la barri\u00e8re d\u2019\u00e2ge pr\u00e9c\u00e9demment fix\u00e9e \u00e0 18 ans).<\/p>\n\n\n\n<h3 class=\"wp-block-heading\" id=\"t3-Mobilisation-generale-du-systeme-de-sante\">3. Mobilisation g\u00e9n\u00e9rale du syst\u00e8me de sant\u00e9<\/h3>\n\n\n\n<p>En cas de doute d\u00e8s l\u2019apparition des premiers sympt\u00f4mes, les services de soins, de ville, d\u2019urgence et hospitaliers, sont mobilis\u00e9s pour prendre en charge les personnes en situation de handicap.<\/p>\n\n\n\n<p>Une sensibilisation des Centres 15 est engag\u00e9e pour rep\u00e9rer et tenir compte de la fragilit\u00e9 particuli\u00e8re des personnes polyhandicap\u00e9es dans ce contexte \u00e9pid\u00e9mique.<\/p>\n\n\n\n<figure class=\"wp-block-embed-youtube wp-block-embed is-type-video is-provider-youtube wp-embed-aspect-16-9 wp-has-aspect-ratio\"><div class=\"wp-block-embed__wrapper\">\n<iframe loading=\"lazy\" title=\"#Coronavirus #Covid19 | Conna\u00eetre les gestes barri\u00e8res pour se prot\u00e9ger\" width=\"1080\" height=\"608\" src=\"https:\/\/www.youtube.com\/embed\/1W_vmU0bX_s?feature=oembed\" frameborder=\"0\" allow=\"accelerometer; autoplay; encrypted-media; gyroscope; picture-in-picture\" allowfullscreen><\/iframe>\n<\/div><\/figure>\n\n\n\n<p><\/p>\n\n\n\n<p>Attestation de d\u00e9placement disponible :  <a href=\"https:\/\/www.avh.asso.fr\/sites\/default\/files\/attestation_de_deplacement_derogatoire_mdi_24032020_accessible.pdf\">https:\/\/www.avh.asso.fr\/sites\/default\/files\/attestation_de_deplacement_derogatoire_mdi_24032020_accessible.pdf<\/a> <\/p>\n\n\n\n<p>Attestation de d\u00e9placement simplifi\u00e9e :  <a href=\"https:\/\/www.gouvernement.fr\/sites\/default\/files\/contenu\/piece-jointe\/2020\/03\/attestation-deplacement-falc.pdf\">https:\/\/www.gouvernement.fr\/sites\/default\/files\/contenu\/piece-jointe\/2020\/03\/attestation-deplacement-falc.pdf<\/a> <\/p>\n","protected":false},"excerpt":{"rendered":"<p>Dans le cadre de l\u2019\u00e9pid\u00e9mie de Covid-19, des mesures ont \u00e9t\u00e9 prises pour prot\u00e9ger les personnes en situation de handicap les plus fragiles, avec la mobilisation de l\u2019ensemble de la [&hellip;]<\/p>\n","protected":false},"author":1,"featured_media":441,"comment_status":"open","ping_status":"open","sticky":false,"template":"","format":"standard","meta":{"_et_pb_use_builder":"off","_et_pb_old_content":"","_et_gb_content_width":"","footnotes":""},"categories":[8],"tags":[],"class_list":["post-437","post","type-post","status-publish","format-standard","has-post-thumbnail","hentry","category-actualites"],"_links":{"self":[{"href":"https:\/\/monhandicapamoi.fr\/index.php\/wp-json\/wp\/v2\/posts\/437"}],"collection":[{"href":"https:\/\/monhandicapamoi.fr\/index.php\/wp-json\/wp\/v2\/posts"}],"about":[{"href":"https:\/\/monhandicapamoi.fr\/index.php\/wp-json\/wp\/v2\/types\/post"}],"author":[{"embeddable":true,"href":"https:\/\/monhandicapamoi.fr\/index.php\/wp-json\/wp\/v2\/users\/1"}],"replies":[{"embeddable":true,"href":"https:\/\/monhandicapamoi.fr\/index.php\/wp-json\/wp\/v2\/comments?post=437"}],"version-history":[{"count":4,"href":"https:\/\/monhandicapamoi.fr\/index.php\/wp-json\/wp\/v2\/posts\/437\/revisions"}],"predecessor-version":[{"id":445,"href":"https:\/\/monhandicapamoi.fr\/index.php\/wp-json\/wp\/v2\/posts\/437\/revisions\/445"}],"wp:featuredmedia":[{"embeddable":true,"href":"https:\/\/monhandicapamoi.fr\/index.php\/wp-json\/wp\/v2\/media\/441"}],"wp:attachment":[{"href":"https:\/\/monhandicapamoi.fr\/index.php\/wp-json\/wp\/v2\/media?parent=437"}],"wp:term":[{"taxonomy":"category","embeddable":true,"href":"https:\/\/monhandicapamoi.fr\/index.php\/wp-json\/wp\/v2\/categories?post=437"},{"taxonomy":"post_tag","embeddable":true,"href":"https:\/\/monhandicapamoi.fr\/index.php\/wp-json\/wp\/v2\/tags?post=437"}],"curies":[{"name":"wp","href":"https:\/\/api.w.org\/{rel}","templated":true}]}}