{"id":349,"date":"2020-03-18T21:39:08","date_gmt":"2020-03-18T20:39:08","guid":{"rendered":"http:\/\/monhandicapamoi.fr\/?p=349"},"modified":"2020-03-18T21:47:04","modified_gmt":"2020-03-18T20:47:04","slug":"quand-lamitie-donne-naissance-a-un-projet-commun-lassociation-mon-handicap-a-moi","status":"publish","type":"post","link":"https:\/\/monhandicapamoi.fr\/index.php\/2020\/03\/18\/quand-lamitie-donne-naissance-a-un-projet-commun-lassociation-mon-handicap-a-moi\/","title":{"rendered":"Quand l&#8217;amiti\u00e9 donne naissance \u00e0 un projet commun :  l&#8217;association &#8220;Mon handicap \u00e0 moi&#8221;"},"content":{"rendered":"\n<p><strong>L&#8217;aventure &#8220;Mon handicap \u00e0 moi&#8221; dure depuis plus d&#8217;un an avec la cr\u00e9ation d&#8217;un blog, de livrets de sensibilisation, d&#8217;un recueil de po\u00e8mes puis, la cr\u00e9ation de l&#8217;association.<\/strong><\/p>\n\n\n\n<p style=\"text-align:left\">J&#8217;y songeais depuis longtemps pour donner \u00e0 tout ce que j&#8217;entreprenais<strong> une dimension officielle <\/strong>avec <strong>un impact plus fort aux yeux de chacun<\/strong>. Inenvisageable tant que je n&#8217;avais pas trouv\u00e9 une personne ayant les m\u00eames convictions que moi vis-\u00e0 -vis des personnes porteuses de handicap.<\/p>\n\n\n\n<p>J&#8217;ai rencontr\u00e9 <strong>C\u00e9line, cette femme exceptionnelle, au grand c\u0153ur <\/strong>qui m&#8217;a \u00e9pat\u00e9 lors d&#8217;un salon d\u00e9di\u00e9 aux aidants familiaux. Son association <strong>&#8220;Debout avec Myl\u00e8ne&#8221; <\/strong>\u00e9tait repr\u00e9sent\u00e9e sur ce salon mais C\u00e9line, a fait front aux besoins des professionnels pr\u00e9sents sur le salon avant ses propres besoins. <\/p>\n\n\n\n<p>Au fil du temps, nous \u00e9tions de plus en plus en contact et, <strong>nous nous sommes tr\u00e8s vite trouv\u00e9s de nombreux points communs<\/strong>. Elle s&#8217;est adorablement propos\u00e9e pour m&#8217;aider \u00e0 cr\u00e9er officiellement l&#8217;association (je pataugeais beaucoup dans les d\u00e9marches \u00e0 effectuer \ud83d\ude09 ).<\/p>\n\n\n\n<p>Sa proposition m&#8217;a d&#8217;une part touch\u00e9e puis, il m&#8217;est apparu naturellement de lui demander  si elle voulait bien faire partie de l&#8217;aventure. <strong>Elle a accept\u00e9 tr\u00e8s rapidement et en UNE semaine, l&#8217;association \u00e9tait cr\u00e9\u00e9 !!<\/strong><\/p>\n\n\n\n<p>Le reste s&#8217;est encha\u00een\u00e9 rapidement, des projets, id\u00e9es, contacts se sont mis en place et nous voil\u00e0 donc en r\u00e9flexion sur ce projet qui me tenait tant \u00e0 c\u0153ur : la cr\u00e9ation du site!!<\/p>\n\n\n\n<p><strong>Un peu plus de deux mois plus tard, nous avons l&#8217;immense joie gr\u00e2ce \u00e0 Virgin<\/strong><a href=\"http:\/\/monhandicapamoi.fr\/index.php\/2020\/03\/15\/dune-envie-commune-a-un-projet-commun\/\">h<\/a><strong>ie Boissonnet et son travail exceptionnel de voir notre site r\u00e9alis\u00e9 comme je l&#8217;avais imagin\u00e9!!<\/strong><\/p>\n\n\n\n<p><a href=\"http:\/\/monhandicapamoi.fr\/index.php\/2020\/03\/15\/dune-envie-commune-a-un-projet-commun\/\">http:\/\/monhandicapamoi.fr\/index.php\/2020\/03\/15\/dune-envie-commune-a-un-projet-commun\/<\/a><\/p>\n\n\n\n<p style=\"text-align:right\">Manuela S\u00e9guinot, Pr\u00e9sidente de l&#8217;association<\/p>\n","protected":false},"excerpt":{"rendered":"<p>L&#8217;aventure &#8220;Mon handicap \u00e0 moi&#8221; dure depuis plus d&#8217;un an avec la cr\u00e9ation d&#8217;un blog, de livrets de sensibilisation, d&#8217;un recueil de po\u00e8mes puis, la cr\u00e9ation de l&#8217;association. J&#8217;y songeais [&hellip;]<\/p>\n","protected":false},"author":1,"featured_media":350,"comment_status":"open","ping_status":"open","sticky":false,"template":"","format":"standard","meta":{"_et_pb_use_builder":"off","_et_pb_old_content":"","_et_gb_content_width":"","footnotes":""},"categories":[11,10],"tags":[],"class_list":["post-349","post","type-post","status-publish","format-standard","has-post-thumbnail","hentry","category-ressources","category-temoignage"],"_links":{"self":[{"href":"https:\/\/monhandicapamoi.fr\/index.php\/wp-json\/wp\/v2\/posts\/349"}],"collection":[{"href":"https:\/\/monhandicapamoi.fr\/index.php\/wp-json\/wp\/v2\/posts"}],"about":[{"href":"https:\/\/monhandicapamoi.fr\/index.php\/wp-json\/wp\/v2\/types\/post"}],"author":[{"embeddable":true,"href":"https:\/\/monhandicapamoi.fr\/index.php\/wp-json\/wp\/v2\/users\/1"}],"replies":[{"embeddable":true,"href":"https:\/\/monhandicapamoi.fr\/index.php\/wp-json\/wp\/v2\/comments?post=349"}],"version-history":[{"count":5,"href":"https:\/\/monhandicapamoi.fr\/index.php\/wp-json\/wp\/v2\/posts\/349\/revisions"}],"predecessor-version":[{"id":358,"href":"https:\/\/monhandicapamoi.fr\/index.php\/wp-json\/wp\/v2\/posts\/349\/revisions\/358"}],"wp:featuredmedia":[{"embeddable":true,"href":"https:\/\/monhandicapamoi.fr\/index.php\/wp-json\/wp\/v2\/media\/350"}],"wp:attachment":[{"href":"https:\/\/monhandicapamoi.fr\/index.php\/wp-json\/wp\/v2\/media?parent=349"}],"wp:term":[{"taxonomy":"category","embeddable":true,"href":"https:\/\/monhandicapamoi.fr\/index.php\/wp-json\/wp\/v2\/categories?post=349"},{"taxonomy":"post_tag","embeddable":true,"href":"https:\/\/monhandicapamoi.fr\/index.php\/wp-json\/wp\/v2\/tags?post=349"}],"curies":[{"name":"wp","href":"https:\/\/api.w.org\/{rel}","templated":true}]}}