{"id":282,"date":"2020-03-16T16:43:06","date_gmt":"2020-03-16T15:43:06","guid":{"rendered":"http:\/\/monhandicapamoi.fr\/?p=282"},"modified":"2020-03-16T17:05:10","modified_gmt":"2020-03-16T16:05:10","slug":"musique","status":"publish","type":"post","link":"https:\/\/monhandicapamoi.fr\/index.php\/2020\/03\/16\/musique\/","title":{"rendered":"Musique: L&#8217;originale-K"},"content":{"rendered":"<p>[et_pb_section fb_built=&#8221;1&#8243; _builder_version=&#8221;4.3.4&#8243;][et_pb_row column_structure=&#8221;1_2,1_2&#8243; _builder_version=&#8221;4.3.4&#8243;][et_pb_column type=&#8221;1_2&#8243; _builder_version=&#8221;4.3.4&#8243;][et_pb_text _builder_version=&#8221;4.3.4&#8243; hover_enabled=&#8221;0&#8243;]<\/p>\n<p>L\u2019originale K, maman d\u2019un enfant Extra-ordinaire, fait passer des messages de tol\u00e9rance et de col\u00e8re \u00e0 travers ses chansons \u2935\ufe0f<\/p>\n<p>Entretien sur mon blog :<\/p>\n<p><a href=\"https:\/\/monhandicapamoinesevoitpas.blogspot.com\/2019\/04\/les-droits-fondamentaux-des-enfants-ne.html?m=1\">https:\/\/monhandicapamoinesevoitpas.blogspot.com\/2019\/04\/les-droits-fondamentaux-des-enfants-ne.html?m=1<\/a><\/p>\n<p>Extrait : &#8220;Pourquoi je chante l&#8217;autisme, l\u2019\u00e9pilepsie et le handicap me direz-vous, tandis que d&#8217;autres artistes font des plans marketing \u00e0 grande \u00e9chelle pour la gloire et la fortune&#8230;&#8221;<\/p>\n<p>L&#8217;album MC Maman &#8220;Courage&#8221; est le premier album t\u00e9moignage du combat d&#8217;une maman d\u2019un enfant handicap\u00e9 en France.<\/p>\n<p>&#8220;J&#8217;ai fait le choix d&#8217;utiliser ma musique comme une arme dans un combat par lequel je suis touch\u00e9e&#8230; rendre ma musique utile, agir, sensibiliser, faire bouger les choses en pleine conscience des probl\u00e9matiques actuelles&#8230;&#8221;<\/p>\n<p>\u00a0Manuela Seguinot &#8211; Association Mon handicap \u00e0 moi.<\/p>\n<p>[\/et_pb_text][\/et_pb_column][et_pb_column type=&#8221;1_2&#8243; _builder_version=&#8221;4.3.4&#8243;][et_pb_code _builder_version=&#8221;4.3.4&#8243;]<iframe loading=\"lazy\" width=\"1181\" height=\"664\" src=\"https:\/\/www.youtube.com\/embed\/vkeByl3RroA\" frameborder=\"0\" allow=\"accelerometer; autoplay; encrypted-media; gyroscope; picture-in-picture\" allowfullscreen><\/iframe>[\/et_pb_code][\/et_pb_column][\/et_pb_row][\/et_pb_section]<\/p>\n","protected":false},"excerpt":{"rendered":"<p>L\u2019originale K, maman d\u2019un enfant Extra-ordinaire, elle fait passer des messages de tol\u00e9rance et de col\u00e8re \u00e0 travers ses chansons. <\/p>\n","protected":false},"author":2,"featured_media":289,"comment_status":"open","ping_status":"open","sticky":false,"template":"","format":"standard","meta":{"_et_pb_use_builder":"on","_et_pb_old_content":"","_et_gb_content_width":"","footnotes":""},"categories":[11],"tags":[],"class_list":["post-282","post","type-post","status-publish","format-standard","has-post-thumbnail","hentry","category-ressources"],"_links":{"self":[{"href":"https:\/\/monhandicapamoi.fr\/index.php\/wp-json\/wp\/v2\/posts\/282"}],"collection":[{"href":"https:\/\/monhandicapamoi.fr\/index.php\/wp-json\/wp\/v2\/posts"}],"about":[{"href":"https:\/\/monhandicapamoi.fr\/index.php\/wp-json\/wp\/v2\/types\/post"}],"author":[{"embeddable":true,"href":"https:\/\/monhandicapamoi.fr\/index.php\/wp-json\/wp\/v2\/users\/2"}],"replies":[{"embeddable":true,"href":"https:\/\/monhandicapamoi.fr\/index.php\/wp-json\/wp\/v2\/comments?post=282"}],"version-history":[{"count":6,"href":"https:\/\/monhandicapamoi.fr\/index.php\/wp-json\/wp\/v2\/posts\/282\/revisions"}],"predecessor-version":[{"id":305,"href":"https:\/\/monhandicapamoi.fr\/index.php\/wp-json\/wp\/v2\/posts\/282\/revisions\/305"}],"wp:featuredmedia":[{"embeddable":true,"href":"https:\/\/monhandicapamoi.fr\/index.php\/wp-json\/wp\/v2\/media\/289"}],"wp:attachment":[{"href":"https:\/\/monhandicapamoi.fr\/index.php\/wp-json\/wp\/v2\/media?parent=282"}],"wp:term":[{"taxonomy":"category","embeddable":true,"href":"https:\/\/monhandicapamoi.fr\/index.php\/wp-json\/wp\/v2\/categories?post=282"},{"taxonomy":"post_tag","embeddable":true,"href":"https:\/\/monhandicapamoi.fr\/index.php\/wp-json\/wp\/v2\/tags?post=282"}],"curies":[{"name":"wp","href":"https:\/\/api.w.org\/{rel}","templated":true}]}}