{"id":274,"date":"2020-03-16T16:01:37","date_gmt":"2020-03-16T15:01:37","guid":{"rendered":"http:\/\/monhandicapamoi.fr\/?p=274"},"modified":"2020-03-16T17:32:49","modified_gmt":"2020-03-16T16:32:49","slug":"exposition-sur-la-difference-alexis-de-vigan","status":"publish","type":"post","link":"https:\/\/monhandicapamoi.fr\/index.php\/2020\/03\/16\/exposition-sur-la-difference-alexis-de-vigan\/","title":{"rendered":"Exposition sur la diff\u00e9rence, Alexis de Vigan."},"content":{"rendered":"<p>[et_pb_section fb_built=&#8221;1&#8243; _builder_version=&#8221;3.22&#8243;][et_pb_row _builder_version=&#8221;3.25&#8243; background_size=&#8221;initial&#8221; background_position=&#8221;top_left&#8221; background_repeat=&#8221;repeat&#8221; custom_margin=&#8221;1px|auto||auto||&#8221;][et_pb_column type=&#8221;4_4&#8243; _builder_version=&#8221;3.25&#8243; custom_padding=&#8221;|||&#8221; custom_padding__hover=&#8221;|||&#8221;][et_pb_text _builder_version=&#8221;4.3.4&#8243; background_size=&#8221;initial&#8221; background_position=&#8221;top_left&#8221; background_repeat=&#8221;repeat&#8221;]<\/p>\n<p><!-- divi:paragraph -->Exposition en plein air sur la diff\u00e9rence d\u2019Alexis de Vigan.<\/p>\n<p><!-- \/divi:paragraph --><\/p>\n<p><!-- divi:paragraph -->Extrait : Le sujet dont je voulais traiter avec ce projet photographique \u00e9tait la question de la norme et de son diktat encore bien pr\u00e9sent dans notre soci\u00e9t\u00e9 moderne. Conscient que cela puisse \u00eatre n\u00e9cessaire \u00e0 la coh\u00e9sion d&#8217;un groupe, elle atteint selon moi ses limites lorsqu&#8217;elle impose une norme esth\u00e9tique \u00e0 l&#8217;encontre de l&#8217;id\u00e9e d&#8217;ouverture&#8221; indispensable dans un monde de plus en plus &#8220;petit&#8221;. &#8211; Alexis De Vigan.<\/p>\n<p><!-- \/divi:paragraph --><\/p>\n<p><!-- divi:paragraph -->Les personnes dites \u00ab diff\u00e9rentes \u00bb sont trop souvent mises \u00e0 la marge. \u00bb<\/p>\n<p><!-- \/divi:image --><\/p>\n<p><!-- divi:paragraph -->Retrouvez mon entretien avec Alexis De Vigan sur mon blog :<\/p>\n<p><!-- \/divi:paragraph --><\/p>\n<p><!-- divi:paragraph --><a href=\"https:\/\/monhandicapamoinesevoitpas.blogspot.com\/2020\/02\/voir-la-difference-autrement-entretien.html?m=1\">https:\/\/monhandicapamoinesevoitpas.blogspot.com\/2020\/02\/voir-la-difference-autrement-entretien.html?m=1<\/a><\/p>\n<p><!-- \/divi:paragraph --><\/p>\n<p><!-- divi:paragraph -->Manuela Seguinot &#8211; Association Mon handicap \u00e0 moi.<\/p>\n<p><!-- \/divi:paragraph --><\/p>\n<p>[\/et_pb_text][et_pb_gallery gallery_ids=&#8221;315,314,313&#8243; fullwidth=&#8221;on&#8221; _builder_version=&#8221;4.3.4&#8243; hover_enabled=&#8221;0&#8243; hover_icon=&#8221;%%28%%&#8221;][\/et_pb_gallery][\/et_pb_column][\/et_pb_row][\/et_pb_section]<\/p>\n","protected":false},"excerpt":{"rendered":"<p>Extrait : Le sujet dont je voulais traiter avec ce projet photographique \u00e9tait la question de la norme et de son diktat encore bien pr\u00e9sent dans notre soci\u00e9t\u00e9 moderne. Conscient que cela puisse \u00eatre n\u00e9cessaire \u00e0 la coh\u00e9sion d&#8217;un groupe, elle atteint selon moi ses limites lorsqu&#8217;elle impose une norme esth\u00e9tique \u00e0 l&#8217;encontre de l&#8217;id\u00e9e d&#8217;ouverture&#8221; indispensable dans un monde de plus en plus &#8220;petit&#8221;.  &#8211; Alexis De Vigan<\/p>\n","protected":false},"author":2,"featured_media":275,"comment_status":"open","ping_status":"open","sticky":false,"template":"","format":"standard","meta":{"_et_pb_use_builder":"on","_et_pb_old_content":"<!-- wp:paragraph -->\n<p>Exposition en plein air sur la diff\u00e9rence d\u2019Alexis de Vigan.<\/p>\n<!-- \/wp:paragraph -->\n\n<!-- wp:paragraph -->\n<p>Extrait : Le sujet dont je voulais traiter avec ce projet photographique \u00e9tait la question de la norme et de son diktat encore bien pr\u00e9sent dans notre soci\u00e9t\u00e9 moderne. Conscient que cela puisse \u00eatre n\u00e9cessaire \u00e0 la coh\u00e9sion d'un groupe, elle atteint selon moi ses limites lorsqu'elle impose une norme esth\u00e9tique \u00e0 l'encontre de l'id\u00e9e d'ouverture\" indispensable dans un monde de plus en plus \"petit\".  - Alexis De Vigan.<\/p>\n<!-- \/wp:paragraph -->\n\n<!-- wp:paragraph -->\n<p>Les personnes dites \u00ab diff\u00e9rentes \u00bb sont trop souvent mises \u00e0 la marge. \u00bb<\/p>\n<!-- \/wp:paragraph -->\n\n<!-- wp:image {\"id\":313} -->\n<figure class=\"wp-block-image\"><img src=\"http:\/\/monhandicapamoi.fr\/wp-content\/uploads\/2020\/03\/vernissage-1-212x300.jpg\" alt=\"\" class=\"wp-image-313\"\/><\/figure>\n<!-- \/wp:image -->\n\n<!-- wp:image {\"id\":314,\"align\":\"center\"} -->\n<div class=\"wp-block-image\"><figure class=\"aligncenter\"><img src=\"http:\/\/monhandicapamoi.fr\/wp-content\/uploads\/2020\/03\/vernissage2-205x300.jpg\" alt=\"\" class=\"wp-image-314\"\/><\/figure><\/div>\n<!-- \/wp:image -->\n\n<!-- wp:image {\"id\":315,\"align\":\"right\"} -->\n<div class=\"wp-block-image\"><figure class=\"alignright\"><img src=\"http:\/\/monhandicapamoi.fr\/wp-content\/uploads\/2020\/03\/vernissage3-209x300.jpg\" alt=\"\" class=\"wp-image-315\"\/><\/figure><\/div>\n<!-- \/wp:image -->\n\n<!-- wp:paragraph -->\n<p>Retrouvez mon entretien avec Alexis De Vigan sur mon blog : <\/p>\n<!-- \/wp:paragraph -->\n\n<!-- wp:paragraph -->\n<p><a href=\"https:\/\/monhandicapamoinesevoitpas.blogspot.com\/2020\/02\/voir-la-difference-autrement-entretien.html?m=1\">https:\/\/monhandicapamoinesevoitpas.blogspot.com\/2020\/02\/voir-la-difference-autrement-entretien.html?m=1<\/a><\/p>\n<!-- \/wp:paragraph -->\n\n<!-- wp:paragraph -->\n<p>Manuela Seguinot - Association Mon handicap \u00e0 moi.<\/p>\n<!-- \/wp:paragraph -->","_et_gb_content_width":"","footnotes":""},"categories":[8],"tags":[],"class_list":["post-274","post","type-post","status-publish","format-standard","has-post-thumbnail","hentry","category-actualites"],"_links":{"self":[{"href":"https:\/\/monhandicapamoi.fr\/index.php\/wp-json\/wp\/v2\/posts\/274"}],"collection":[{"href":"https:\/\/monhandicapamoi.fr\/index.php\/wp-json\/wp\/v2\/posts"}],"about":[{"href":"https:\/\/monhandicapamoi.fr\/index.php\/wp-json\/wp\/v2\/types\/post"}],"author":[{"embeddable":true,"href":"https:\/\/monhandicapamoi.fr\/index.php\/wp-json\/wp\/v2\/users\/2"}],"replies":[{"embeddable":true,"href":"https:\/\/monhandicapamoi.fr\/index.php\/wp-json\/wp\/v2\/comments?post=274"}],"version-history":[{"count":8,"href":"https:\/\/monhandicapamoi.fr\/index.php\/wp-json\/wp\/v2\/posts\/274\/revisions"}],"predecessor-version":[{"id":320,"href":"https:\/\/monhandicapamoi.fr\/index.php\/wp-json\/wp\/v2\/posts\/274\/revisions\/320"}],"wp:featuredmedia":[{"embeddable":true,"href":"https:\/\/monhandicapamoi.fr\/index.php\/wp-json\/wp\/v2\/media\/275"}],"wp:attachment":[{"href":"https:\/\/monhandicapamoi.fr\/index.php\/wp-json\/wp\/v2\/media?parent=274"}],"wp:term":[{"taxonomy":"category","embeddable":true,"href":"https:\/\/monhandicapamoi.fr\/index.php\/wp-json\/wp\/v2\/categories?post=274"},{"taxonomy":"post_tag","embeddable":true,"href":"https:\/\/monhandicapamoi.fr\/index.php\/wp-json\/wp\/v2\/tags?post=274"}],"curies":[{"name":"wp","href":"https:\/\/api.w.org\/{rel}","templated":true}]}}