{"id":268,"date":"2020-03-16T15:48:42","date_gmt":"2020-03-16T14:48:42","guid":{"rendered":"http:\/\/monhandicapamoi.fr\/?p=268"},"modified":"2020-03-16T17:04:05","modified_gmt":"2020-03-16T16:04:05","slug":"documentaire-un-jour-ca-ira","status":"publish","type":"post","link":"https:\/\/monhandicapamoi.fr\/index.php\/2020\/03\/16\/documentaire-un-jour-ca-ira\/","title":{"rendered":"Documentaire &#8220;Un jour, \u00e7a ira&#8221;"},"content":{"rendered":"<p>[et_pb_section fb_built=&#8221;1&#8243; _builder_version=&#8221;4.3.4&#8243;][et_pb_row column_structure=&#8221;1_2,1_2&#8243; _builder_version=&#8221;4.3.4&#8243;][et_pb_column type=&#8221;1_2&#8243; _builder_version=&#8221;4.3.4&#8243;][et_pb_text _builder_version=&#8221;4.3.4&#8243; hover_enabled=&#8221;0&#8243;]<\/p>\n<p>Je d\u00e9couvre avec beaucoup d\u2019\u00e9motions le documentaire de Stanislas et Edouard Zambeaux : \u00ab Un jour \u00e7a ira \u00bb.<\/p>\n<p>\u00ab On nous ouvre les portes d\u2019un centre d\u2019h\u00e9bergement d\u2019urgence Parisien l\u2019Archipel, g\u00e9r\u00e9 par l\u2019Association Aurore, o\u00f9 sont log\u00e9s familles et enfants en grande pr\u00e9carit\u00e9. Certes, l\u2019accueil de ces familles avec enfants est une action louable mais ce n\u2019est pas suffisant&#8230; \u00bb<\/p>\n<p>D\u00e9couvez l&#8217;article sur mon blog :<\/p>\n<p><a href=\"https:\/\/monhandicapamoinesevoitpas.blogspot.com\/2019\/01\/un-jour-ca-ira.html?m=1\">https:\/\/monhandicapamoinesevoitpas.blogspot.com\/2019\/01\/un-jour-ca-ira.html?m=1<\/a><\/p>\n<p>Manuela Seguinot &#8211; Association Mon handicap \u00e0 moi.<\/p>\n<p>[\/et_pb_text][\/et_pb_column][et_pb_column type=&#8221;1_2&#8243; _builder_version=&#8221;4.3.4&#8243;][et_pb_code _builder_version=&#8221;4.3.4&#8243;]<iframe loading=\"lazy\" width=\"1181\" height=\"664\" src=\"https:\/\/www.youtube.com\/embed\/lXphLXwX3oI\" frameborder=\"0\" allow=\"accelerometer; autoplay; encrypted-media; gyroscope; picture-in-picture\" allowfullscreen><\/iframe>[\/et_pb_code][\/et_pb_column][\/et_pb_row][\/et_pb_section]<\/p>\n","protected":false},"excerpt":{"rendered":"<p>\u00ab On nous ouvre les portes d\u2019un centre d\u2019h\u00e9bergement d\u2019urgence Parisien l\u2019Archipel, g\u00e9r\u00e9 par l\u2019Association Aurore, o\u00f9 sont log\u00e9s familles et enfants en grande pr\u00e9carit\u00e9. Certes, l\u2019accueil de ces familles avec enfants est une action louable mais ce n\u2019est pas suffisant&#8230;\u00bb<\/p>\n","protected":false},"author":2,"featured_media":272,"comment_status":"open","ping_status":"open","sticky":false,"template":"","format":"standard","meta":{"_et_pb_use_builder":"on","_et_pb_old_content":"","_et_gb_content_width":"","footnotes":""},"categories":[11],"tags":[],"class_list":["post-268","post","type-post","status-publish","format-standard","has-post-thumbnail","hentry","category-ressources"],"_links":{"self":[{"href":"https:\/\/monhandicapamoi.fr\/index.php\/wp-json\/wp\/v2\/posts\/268"}],"collection":[{"href":"https:\/\/monhandicapamoi.fr\/index.php\/wp-json\/wp\/v2\/posts"}],"about":[{"href":"https:\/\/monhandicapamoi.fr\/index.php\/wp-json\/wp\/v2\/types\/post"}],"author":[{"embeddable":true,"href":"https:\/\/monhandicapamoi.fr\/index.php\/wp-json\/wp\/v2\/users\/2"}],"replies":[{"embeddable":true,"href":"https:\/\/monhandicapamoi.fr\/index.php\/wp-json\/wp\/v2\/comments?post=268"}],"version-history":[{"count":6,"href":"https:\/\/monhandicapamoi.fr\/index.php\/wp-json\/wp\/v2\/posts\/268\/revisions"}],"predecessor-version":[{"id":303,"href":"https:\/\/monhandicapamoi.fr\/index.php\/wp-json\/wp\/v2\/posts\/268\/revisions\/303"}],"wp:featuredmedia":[{"embeddable":true,"href":"https:\/\/monhandicapamoi.fr\/index.php\/wp-json\/wp\/v2\/media\/272"}],"wp:attachment":[{"href":"https:\/\/monhandicapamoi.fr\/index.php\/wp-json\/wp\/v2\/media?parent=268"}],"wp:term":[{"taxonomy":"category","embeddable":true,"href":"https:\/\/monhandicapamoi.fr\/index.php\/wp-json\/wp\/v2\/categories?post=268"},{"taxonomy":"post_tag","embeddable":true,"href":"https:\/\/monhandicapamoi.fr\/index.php\/wp-json\/wp\/v2\/tags?post=268"}],"curies":[{"name":"wp","href":"https:\/\/api.w.org\/{rel}","templated":true}]}}