{"id":260,"date":"2020-03-15T14:51:14","date_gmt":"2020-03-15T13:51:14","guid":{"rendered":"http:\/\/monhandicapamoi.fr\/?p=260"},"modified":"2020-03-15T14:51:15","modified_gmt":"2020-03-15T13:51:15","slug":"dune-envie-commune-a-un-projet-commun","status":"publish","type":"post","link":"https:\/\/monhandicapamoi.fr\/index.php\/2020\/03\/15\/dune-envie-commune-a-un-projet-commun\/","title":{"rendered":"D\u2019une envie commune \u00e0 un projet commun"},"content":{"rendered":"\n<p style=\"font-size:-2px\">Cette plateforme est le fruit d\u2019une rencontre entre deux\u00a0<em>mampreneures<\/em>\u00a0du 15<sup>\u00e8me<\/sup>\u00a0arrondissement de Paris: Manuela, la pr\u00e9sidente de l\u2019association Mon Handicap \u00e0 moi, et \u2026 moi\u00a0! Virginie, graphiste ind\u00e9pendante. Alors que je proposais une collaboration entre femmes entrepreneures pour apporter mes services de graphisme en local, Manuela a fait appel \u00e0 moi et nous avons commenc\u00e9 par cr\u00e9er le logo de son association. C\u2019est le d\u00e9but d\u2019un partenariat f\u00e9minin autour d\u2019une cause qui nous rassemble malgr\u00e9 nos diff\u00e9rences. Avec la cr\u00e9ation de cette plateforme d\u2019\u00e9changes, j\u2019ai pu concr\u00e9tiser le projet digital de Manuela.\u00a0<\/p>\n\n\n\n<p>Je voudrais tout d\u2019abord vous parler ici bri\u00e8vement de la signification&nbsp;du logo car il y a toujours une petite histoire derri\u00e8re celui-ci. L\u2019empreinte de doigt au centre renforce l\u2019id\u00e9e de singularit\u00e9 (et cela r\u00e9sonne avec le nom de l\u2019association) mais par l\u2019effet de graphisme, cette empreinte prend la forme d\u2019un c\u0153ur, ce qui v\u00e9hicule une image bienveillante et positive. La singularit\u00e9 fait place \u00e0 l\u2019ouverture d\u2019esprit, l\u2019ouverture du coeur.<\/p>\n\n\n\n<p>Le personnage en chaise roulante form\u00e9 par les lettres o et i a une cape en l\u2019air, ce qui donne l\u2019impression qu\u2019il est en mouvement et qu\u2019il est donc actif. Cet \u00e9l\u00e9ment vient souligner le dynamisme de l\u2019association. Car Mon Handicap \u00e0 moi veut faire bouger les choses&nbsp;!&nbsp;<\/p>\n\n\n\n<p>Gr\u00e2ce \u00e0 cette plateforme, l\u2019association veut mettre les gens en contact, leur faire partager des exp\u00e9riences communes autour d\u2019un spectacle, d\u2019un atelier ou tout autre \u00e9v\u00e8nement. Pour que d\u2019autres associations soutenant les personnes qui font face au handicap, au harc\u00e8lement scolaire ou \u00e0 la violence puissent communiquer, partager des initiatives, proposer des rencontres \u00e0 ceux qui se sentent seuls, ou ceux qui sont sensibles \u00e0 ces difficult\u00e9s.<\/p>\n\n\n\n<p>C\u2019est un projet de solidarit\u00e9 inspirant et pour lequel je suis heureuse de participer en r\u00e9alisant l\u2019identit\u00e9 visuelle de l\u2019association et son site web. J\u2019esp\u00e8re que vous saurez lui insuffler la dynamique positive vers lequel il souhaite tendre&nbsp;!<\/p>\n\n\n\n<p>Virginie Boissonnet, graphiste.<\/p>\n\n\n\n<p><a href=\"http:\/\/www.ludigrafe.fr\/\">www.ludigrafe.fr<\/a><\/p>\n","protected":false},"excerpt":{"rendered":"<p>Cette plateforme est le fruit d\u2019une rencontre entre deux mampreneures du 15\u00e8me arrondissement de Paris: Manuela, la pr\u00e9sidente de l\u2019association Mon Handicap \u00e0 moi, et \u2026 moi ! Virginie, graphiste ind\u00e9pendante. Alors que je proposais une collaboration entre femmes entrepreneures pour apporter mes services de graphisme en local, Manuela a fait appel \u00e0 moi et nous avons commenc\u00e9 par cr\u00e9er le logo de son association. C\u2019est le d\u00e9but d\u2019un partenariat f\u00e9minin autour d\u2019une cause qui nous rassemble malgr\u00e9 nos diff\u00e9rences. Avec la cr\u00e9ation de cette plateforme d\u2019\u00e9changes, j\u2019ai pu concr\u00e9tiser le projet digital de Manuela.<\/p>\n","protected":false},"author":2,"featured_media":263,"comment_status":"open","ping_status":"open","sticky":false,"template":"","format":"standard","meta":{"_et_pb_use_builder":"off","_et_pb_old_content":"","_et_gb_content_width":"","footnotes":""},"categories":[8],"tags":[],"class_list":["post-260","post","type-post","status-publish","format-standard","has-post-thumbnail","hentry","category-actualites"],"_links":{"self":[{"href":"https:\/\/monhandicapamoi.fr\/index.php\/wp-json\/wp\/v2\/posts\/260"}],"collection":[{"href":"https:\/\/monhandicapamoi.fr\/index.php\/wp-json\/wp\/v2\/posts"}],"about":[{"href":"https:\/\/monhandicapamoi.fr\/index.php\/wp-json\/wp\/v2\/types\/post"}],"author":[{"embeddable":true,"href":"https:\/\/monhandicapamoi.fr\/index.php\/wp-json\/wp\/v2\/users\/2"}],"replies":[{"embeddable":true,"href":"https:\/\/monhandicapamoi.fr\/index.php\/wp-json\/wp\/v2\/comments?post=260"}],"version-history":[{"count":3,"href":"https:\/\/monhandicapamoi.fr\/index.php\/wp-json\/wp\/v2\/posts\/260\/revisions"}],"predecessor-version":[{"id":264,"href":"https:\/\/monhandicapamoi.fr\/index.php\/wp-json\/wp\/v2\/posts\/260\/revisions\/264"}],"wp:featuredmedia":[{"embeddable":true,"href":"https:\/\/monhandicapamoi.fr\/index.php\/wp-json\/wp\/v2\/media\/263"}],"wp:attachment":[{"href":"https:\/\/monhandicapamoi.fr\/index.php\/wp-json\/wp\/v2\/media?parent=260"}],"wp:term":[{"taxonomy":"category","embeddable":true,"href":"https:\/\/monhandicapamoi.fr\/index.php\/wp-json\/wp\/v2\/categories?post=260"},{"taxonomy":"post_tag","embeddable":true,"href":"https:\/\/monhandicapamoi.fr\/index.php\/wp-json\/wp\/v2\/tags?post=260"}],"curies":[{"name":"wp","href":"https:\/\/api.w.org\/{rel}","templated":true}]}}